{"id":60,"date":"2021-07-14T10:59:00","date_gmt":"2021-07-14T10:59:00","guid":{"rendered":"http:\/\/futbol-vintage.es\/?p=168"},"modified":"2021-07-14T10:59:00","modified_gmt":"2021-07-14T10:59:00","slug":"el-atletico-levante-nace-en-la-junta-general-ordinaria-el-10-de-noviembre-de-1962","status":"publish","type":"post","link":"https:\/\/futbol-vintage.es\/index.php\/2021\/07\/14\/el-atletico-levante-nace-en-la-junta-general-ordinaria-el-10-de-noviembre-de-1962\/","title":{"rendered":"El Atl\u00e9tico Levante nace en la Junta General Ordinaria el 10 de Noviembre de 1962"},"content":{"rendered":"\n<p><\/p>\n\n\n\n<p>Quiz\u00e1s la decisi\u00f3n se estuviera meditando en las semanas anteriores, pero con car\u00e1cter definitiva se concret\u00f3 en la Junta General Ordinaria de Compromisarios que el Levante efectu\u00f3 en la jornada del 10 de noviembre de 1962 en el sal\u00f3n de actos de la Federaci\u00f3n Valenciana de F\u00fatbol. Eduardo Clerigues, en calidad de presidente de la instituci\u00f3n granota, fue el encargado de exponer la voluntad que mov\u00eda a la entidad a fusionar los destinos de dos clubes que representaban el coraz\u00f3n futbol\u00edstico de los Poblados Mar\u00edtimos y que hist\u00f3ricamente hab\u00edan nutrido a la representaci\u00f3n azulgrana del Levante de efectivos.<\/p>\n\n\n\n<p>As\u00ed que los caminos del Portuarios y los del Malvarrosa se entrecruzaron \u201cconvirtiendo a ambos en un solo filial con la denominaci\u00f3n de Atl\u00e9tico Levante\u201d, manifest\u00f3 la voz pausada y acompasada del principal mandatario granota. El detonante de esta medida adoptada fue el desgraciado descenso de categor\u00eda que sufri\u00f3 el Portuarios a la conclusi\u00f3n del ejercicio 1961-1962. El equipo gestado disputar\u00eda sus partidos, en condici\u00f3n de local, en el campo de la Malvarrosa, aunque con posterioridad se trasladar\u00eda hasta de feudo de Vallejo y tambi\u00e9n acampar\u00eda en el actual Ciutat de Val\u00e8ncia en sus postreros a\u00f1os de existencia con este calificativo.<\/p>\n\n\n\n<p>Eduardo Clerigues anunci\u00f3 que el club asumir\u00eda las mejoras necesarias en la instalaci\u00f3n con la finalidad de garantizar la comodidad de los espectadores que acudieran a este complejo deportivo y que la escuadra de reciente creaci\u00f3n ve\u00eda la luz con vocaci\u00f3n de consanguineidad respecto a los intereses del Levante U.D. La sinergia era evidente puesto que \u201cse nutrir\u00e1 especialmente de los juveniles que vayan cumpliendo la edad de 18 a\u00f1os para que puedan seguir una evoluci\u00f3n normal sin transiciones excesivas de categor\u00eda\u201d, acentu\u00f3 el jerarca blaugrana.&nbsp;<\/p>\n","protected":false},"excerpt":{"rendered":"<p>Quiz\u00e1s la decisi\u00f3n se estuviera meditando en las semanas anteriores, pero con car\u00e1cter definitiva se concret\u00f3 en la Junta General Ordinaria de Compromisarios que el Levante efectu\u00f3 en la jornada del 10 de noviembre de 1962 en el sal\u00f3n de actos de la Federaci\u00f3n Valenciana de F\u00fatbol. Eduardo Clerigues, en calidad de presidente de la [&hellip;]<\/p>\n","protected":false},"author":1,"featured_media":61,"comment_status":"open","ping_status":"open","sticky":false,"template":"","format":"standard","meta":{"footnotes":""},"categories":[3],"tags":[],"class_list":["post-60","post","type-post","status-publish","format-standard","has-post-thumbnail","hentry","category-tuyo-siempre"],"_links":{"self":[{"href":"https:\/\/futbol-vintage.es\/index.php\/wp-json\/wp\/v2\/posts\/60","targetHints":{"allow":["GET"]}}],"collection":[{"href":"https:\/\/futbol-vintage.es\/index.php\/wp-json\/wp\/v2\/posts"}],"about":[{"href":"https:\/\/futbol-vintage.es\/index.php\/wp-json\/wp\/v2\/types\/post"}],"author":[{"embeddable":true,"href":"https:\/\/futbol-vintage.es\/index.php\/wp-json\/wp\/v2\/users\/1"}],"replies":[{"embeddable":true,"href":"https:\/\/futbol-vintage.es\/index.php\/wp-json\/wp\/v2\/comments?post=60"}],"version-history":[{"count":0,"href":"https:\/\/futbol-vintage.es\/index.php\/wp-json\/wp\/v2\/posts\/60\/revisions"}],"wp:featuredmedia":[{"embeddable":true,"href":"https:\/\/futbol-vintage.es\/index.php\/wp-json\/wp\/v2\/media\/61"}],"wp:attachment":[{"href":"https:\/\/futbol-vintage.es\/index.php\/wp-json\/wp\/v2\/media?parent=60"}],"wp:term":[{"taxonomy":"category","embeddable":true,"href":"https:\/\/futbol-vintage.es\/index.php\/wp-json\/wp\/v2\/categories?post=60"},{"taxonomy":"post_tag","embeddable":true,"href":"https:\/\/futbol-vintage.es\/index.php\/wp-json\/wp\/v2\/tags?post=60"}],"curies":[{"name":"wp","href":"https:\/\/api.w.org\/{rel}","templated":true}]}}