{"id":58,"date":"2021-07-18T13:04:52","date_gmt":"2021-07-18T13:04:52","guid":{"rendered":"http:\/\/futbol-vintage.es\/?p=221"},"modified":"2021-07-18T13:04:52","modified_gmt":"2021-07-18T13:04:52","slug":"el-dia-que-me-senti-indiana-jones-buscando-la-copa-espana-libre","status":"publish","type":"post","link":"https:\/\/futbol-vintage.es\/index.php\/2021\/07\/18\/el-dia-que-me-senti-indiana-jones-buscando-la-copa-espana-libre\/","title":{"rendered":"El d\u00eda que me sent\u00ed Indiana Jones buscando la Copa Espa\u00f1a Libre"},"content":{"rendered":"\n<p><em>En El Mundo en febrero de 2000 publiqu\u00e9 por primera vez un art\u00edculo sobre la Copa de la Espa\u00f1a Libre que conquist\u00f3 el Levante en julio de 1937 en plena Guerra Civil<\/em>. Aquel pasaje me marc\u00f3 profesional y personalmente. Si la m\u00e1quina del tiempo fuera una realidad yo regresar\u00eda a la Espa\u00f1a de 1937 para entender las vicisitudes de aquella competici\u00f3n.<\/p>\n\n\n\n<p>\u00a0<\/p>\n\n\n\n<figure class=\"wp-block-image size-large\"><img decoding=\"async\" src=\"http:\/\/futbol-vintage.es\/wp-content\/uploads\/2021\/07\/Copa-de-la-Espana-Libre.jpg\" alt=\"\" class=\"wp-image-222\"\/><\/figure>\n\n\n\n<p>Fijar\u00eda la cronolog\u00eda en la tarde del domingo 18 de julio para entrevistar y conocer las inquietudes y preocupaciones de aquellos equipiers que defendieron el escudo del Levante F.C. en la Final de la Copa de La Espa\u00f1a Libre.<\/p>\n\n\n\n<p>Hubo un momento en el que su mutismo mortific\u00f3 mi alma. Nadie sab\u00eda nada de aquella gesta. Ni de aquel trofeo. Ni de aquel equipo de valientes que una vez levant\u00f3 un t\u00edtulo.&nbsp;<\/p>\n\n\n\n<p>Nadie sab\u00eda nada sobre su denominaci\u00f3n. Ni del sentido que escond\u00eda aquel heroico triunfo. A su alrededor solo habitaba el silencio m\u00e1s profundo y las inc\u00f3gnitas m\u00e1s desgarradoras. Nadie reivindicaba su honor. No hay mayor fatalidad que desconocer el significado de tu propia historia. Aquella Copa conten\u00eda orgullo, exhumaba honorabilidad, aunque era la met\u00e1fora de un fracaso tristemente anunciado. Era el s\u00edmbolo de un per\u00edodo que se caracteriz\u00f3 por la barbarie. La manifestaci\u00f3n m\u00e1s absoluta de c\u00f3mo la memoria puede ser adulterada para caer en el olvido.<\/p>\n\n\n\n<p>Supe de aquella epopeya por el testimonio directo de Ram\u00f3n Victoria. Un d\u00eda en el antiguo Palco del coliseo granota nos cont\u00f3 a Quique y a m\u00ed que el Levante hab\u00eda ganado un t\u00edtulo en plena contienda b\u00e9lica. La informaci\u00f3n estaba fragmentada. En realidad, todo estaba por descubrir por entonces.&nbsp;<\/p>\n\n\n\n<p>Durante un tiempo imagin\u00e9 c\u00f3mo ser\u00eda aquel relato. Pens\u00e9 en los partidos, en los goles que el Levante podr\u00eda haber marcado, en las paradas de los porteros y en las jugadas de los atacantes. Pens\u00e9 en las victorias y tambi\u00e9n en las derrotas, en las sonrisas de los seguidores y en el miedo al contemplar un cielo aniquilador que disparaba detonaciones en forma de bombas. So\u00f1\u00e9 con los encuentros disputados bajo el manto de un pa\u00eds que ard\u00eda en llamas. Espa\u00f1a no era Espa\u00f1a. La Guerra Civil, como eje contextual de un relato apasionante que hab\u00eda que desenmascarar. Era el gran t\u00edtulo olvidado.<\/p>\n\n\n\n<p>Yo curs\u00e9 un master. Ya lo saben. Lo puedo acreditar. Tengo el t\u00edtulo en casa. Ya hab\u00eda acabado la carrera de Geograf\u00eda e Historia. Creo que en ese instante todav\u00eda no se hab\u00eda generalizado el culto al master, pero lo hice. Hab\u00eda que realizar un trabajo de final de curso. Mi propuesta fue una peque\u00f1a investigaci\u00f3n sobre el f\u00fatbol en Valencia durante los a\u00f1os de la Guerra Civil. Fue una primera aproximaci\u00f3n que me sirvi\u00f3 para constatar la presencia real de la Copa de La Espa\u00f1a Libre como formato competitivo.<\/p>\n\n\n\n<p>No era una enso\u00f1aci\u00f3n de Ram\u00f3n Victoria. Ni una leyenda inventada de la que pretend\u00eda apropiarse el levantinismo. Fue una tarea ardua. Las primeras noticias sobre el desarrollo de la competici\u00f3n datan de la primavera de 1937 y yo empec\u00e9 por el inicio de la narraci\u00f3n del conflicto b\u00e9lico en julio de 1936. Durante unas jornadas casi me instal\u00e9 en la hemeroteca de Valencia. No lo sab\u00eda, pero era el principio de una alianza estrecha.&nbsp;<\/p>\n\n\n\n<p>No tengo hijos que van creciendo as\u00ed que para m\u00ed el paso del tiempo queda reflejado cada vez que voy a la hemeroteca y relleno el documento en el que adjunto el peri\u00f3dico que deseo consultar. La parte \u00faltima del formulario incluye el d\u00eda y el a\u00f1o del presente. Ya vamos por el 2019 y empec\u00e9 a formar parte de su paisaje regularmente a finales de 1999.<\/p>\n\n\n\n<p>Levante El Mercantil Valenciano y El Pueblo fueron los diarios escogidos en esa b\u00fasqueda incesante. Tuve que hacer acopio de paciencia ante la ausencia de noticias durante los primeros meses del conflicto vinculadas directamente a la Copa. Y la paciencia no es un componente que sepa manejar. No ten\u00eda ni pu\u00f1etera idea de la cronolog\u00eda, ni del espacio temporal en el que se gest\u00f3 la Copa de La Espa\u00f1a Libre. Iba desnudo de equipaje en esta traves\u00eda, pero las alforjas estaban repletas de ilusi\u00f3n y esperanza. Y cada d\u00eda certificaba nuevos descubrimientos. Eran revelaciones transversales.<\/p>\n\n\n\n<p>Esa naciente aproximaci\u00f3n constataba la efervescencia de la disciplina del balompi\u00e9 desde el nacimiento de la contienda. Al menos en la Espa\u00f1a leal a la Rep\u00fablica que espacialmente colindaba con el Mar Mediterr\u00e1neo. La idea era sugerente porque arruinaba ese mito que acentuaba la ausencia forzosa de manifestaciones futbol\u00edsticas durante la guerra. Nos situamos en el arranque del tercer milenio.&nbsp;<\/p>\n\n\n\n<p>Ese par\u00e9ntesis que, por aquellas jornadas, determinaban los libros sobre su ausencia entre julio de 1936 y abril de 1939 hab\u00eda que ponerlo en recelo. Ten\u00eda escaso rigor. Hab\u00eda f\u00fatbol e infinidad de encuentros a beneficio de la causa republicana. Hasta el Valencia y el Levante arrinconaron sus profundas diferencias para jugar por una noble causa en agosto de 1936 en el feudo de Vallejo. Entonces no se preve\u00eda una guerra tan devastadora y tan extensa desde un prisma temporal.<\/p>\n\n\n\n<p>Los Campeonatos S\u00faper-Regionales, en los meses finales de 1936, fueron el pr\u00f3logo a la disputa de la Liga del Mediterr\u00e1neo que cruz\u00f3 a los clubes de Valencia y Catalu\u00f1a a doble confrontaci\u00f3n entre enero y abril de 1937. La Copa de La Espa\u00f1a Libre cerraba el ejercicio liguero. El relato futbol\u00edstico era id\u00e9ntico al gestado en los a\u00f1os inmediatos a la eclosi\u00f3n de la Guerra. Tres competiciones trufaron un calendario acotado en el espacio comprendido entre los meses de octubre de 1936 a junio de 1937.&nbsp;<\/p>\n\n\n\n<p>Hab\u00eda un orden establecido que remontaba al pasado. El subid\u00f3n emocional que signific\u00f3 fijar el rastro de la Copa de La Espa\u00f1a Libre fue superlativo. La informaci\u00f3n era copiosa, aunque aumentar\u00eda exponencialmente al incluir en las pesquisas las noticias procedentes de El Mundo Deportivo. De repente, las piezas de lo que parec\u00eda un rompecabezas irresoluble empezaban a incrustarse siguiendo un plan ordenado. El formato fue original. Valencia, Levante, Girona y Espanyol competir\u00edan a doble vuelta entre junio y julio de 1937. Las dos entidades que lideraran la clasificaci\u00f3n afrontar\u00edan la Gran Final en territorio neutral.&nbsp; El Levante se present\u00f3 en la cita con jugadores del Gimn\u00e1stico.<\/p>\n\n\n\n<p>Los clubes firmaron un armisticio para competir unidos. El dominio del Levante result\u00f3 aniquilador. El signo de la victoria se repiti\u00f3. Los choques ante el Valencia confirmaron la fe y el abolengo de un grupo al que la Guerra alej\u00f3 de cotas de mayor envergadura. En la quinta jornada el Levante ya se hab\u00eda coronado campe\u00f3n, aunque esa condici\u00f3n no garantizaba la obtenci\u00f3n del t\u00edtulo, si bien aproximaba a la instituci\u00f3n a ese objetivo trazado como finalista. Valencia y Levante contendieron en el partido decisivo. Fue en el Estadio de Sarri\u00e0 la tarde del domingo 18 de julio de 1937. Nieto conquist\u00f3 la eternidad con una diana reveladora. La Copa de La Espa\u00f1a Libre era propiedad del Levante F.C.<\/p>\n\n\n\n<p>El ocho de agosto de 1937 el Levante y el Gimn\u00e1stico lucharon en el coliseo de Vallejo a modo de homenaje por el t\u00edtulo. Los clubes se intercambiaron art\u00edsticos banderines con los escudos representativos. Esa historia un d\u00eda la coment\u00e9 a los componentes de la redacci\u00f3n de deportes de El Mundo en Valencia. A Alberto Gil, como jefe de deportes, le pareci\u00f3 significativa. No obstante, reclam\u00f3 la Copa. Si exist\u00eda era el broche de oro para trasladarla al papel y publicarla. La Copa exist\u00eda. Una tarde Ram\u00f3n Victoria, Quique Victoria y yo nos sumergimos en el archivo de la historia granota.<\/p>\n\n\n\n<p>La primera mirada fue turbadora. Ante nosotros se abr\u00eda un mar embravecido repleto de trofeos ubicados en lo que ahora es la sala de juntas de la zona noble del Ciutat. No imperaba el orden. Entre la inmensidad surgi\u00f3 la silueta de la Copa de La Espa\u00f1a Libre. La leyenda segu\u00eda latiendo en su pecho. El tiempo no hab\u00eda borrado aquellos caracteres que la identificaban.&nbsp;<\/p>\n\n\n\n<p>Yo creo que nos estaba susurrando para regresar a la vida. Hab\u00eda esperado m\u00e1s de sesenta a\u00f1os entre tinieblas para adquirir la p\u00e1tina de brillo que perdi\u00f3 casi desde que naci\u00f3. Ella sab\u00eda que nosotros pretend\u00edamos reivindicar aquella historia. Pueden ser los duendes o las meigas. La estrechamos con fuerza y la alzamos al cielo en una recreaci\u00f3n imaginaria del vuelo que realiz\u00f3 en las manos de los jugadores que lograron aquel hito.&nbsp;<\/p>\n\n\n\n<p>Nos invadi\u00f3 la misma emoci\u00f3n que sinti\u00f3 Indiana Jones cuando descubri\u00f3 el arca perdida. Nuestras sonrisas eran kilom\u00e9tricas.&nbsp;<\/p>\n\n\n\n<p>Cerca de la Copa reposaban los escudos del Gimn\u00e1stico F.C. y del Levante F.C. Nos miraban de reojo. Su dataci\u00f3n cronol\u00f3gica, ocho de agosto de 1937, fue fundamental para establecer el relato. Juntamos los escudos y las Copa como si trat\u00e1ramos de alterar un descanso que parec\u00eda eterno. Fue una tarde de emociones compartidas. Es uno de esos d\u00edas dif\u00edciles de olvidar. La Copa era nuestra; del Levante U.D.&nbsp;&nbsp;&nbsp;&nbsp;&nbsp;&nbsp;&nbsp;&nbsp;&nbsp;&nbsp;&nbsp;&nbsp;<\/p>\n\n\n\n<p>Dos d\u00e9cadas volvemos a la carga por el reconocimiento de la oficialidad de la Copa de La Espa\u00f1a Libre. Nuestros colegas del \u00c1rea de Historia del Sevilla nos pusieron sobre el rastro de unas actas de FIFA publicadas en noviembre de 1937. El criterio de Vicent Masip y de Juan Luis Franco sigue unas id\u00e9nticas coordenadas. La historia, por fortuna, no es inamovible.&nbsp;<\/p>\n\n\n\n<p>La documentaci\u00f3n oficial de la FIFA es reveladora de la situaci\u00f3n del f\u00fatbol en el per\u00edodo de la Guerra Civil. Adquiere envergadura, por el contenido de la informaci\u00f3n que ofrece, la sesi\u00f3n del Comit\u00e9 Ejecutivo de FIFA que se celebr\u00f3 durante los d\u00edas 6 y 7 de noviembre de 1937 en Par\u00eds.&nbsp;<\/p>\n\n\n\n<p>El valor de esta reuni\u00f3n y la resoluci\u00f3n posterior resultan extraordinarias por el cambio de paradigma que provoca en la interpretaci\u00f3n de la historia del f\u00fatbol durante el conflicto b\u00e9lico. FIFA, tras reunirse con los representantes de la Federaci\u00f3n Espa\u00f1ola, con sede en Barcelona, y con la delegaci\u00f3n de la Federaci\u00f3n, de nuevo cu\u00f1o, surgida en junio de 1937, con sede en San Sebasti\u00e1n, determina reconocer a ambas asociaciones afiliadas en un mismo plano de igualdad.&nbsp;<\/p>\n\n\n\n<p>Seg\u00fan la condici\u00f3n estatutaria marcada por FIFA no es posible reconocer m\u00e1s que una Federaci\u00f3n por pa\u00eds. No obstante, la excepcionalidad del caso en territorio espa\u00f1ol propici\u00f3 esta singular decisi\u00f3n. Cada delegaci\u00f3n dispondr\u00eda de competencias sobre el territorio ocupado por cada una de ellas. Los clubes de ambas organizaciones podr\u00edan enfrentarse entre ellos y tambi\u00e9n sus selecciones, si bien estos partidos de selecciones no podr\u00e1n tener el car\u00e1cter de partidos internacionales.&nbsp;<\/p>\n\n\n\n<p>FIFA era a la altura de 1937, al igual que sucede en la actualidad, la \u00fanica autoridad con capacidad para reconocer las Federaciones de f\u00fatbol. El Comit\u00e9 de FIFA fue taxativo en su decisi\u00f3n aceptando la coexistencia y la cohabitaci\u00f3n de dos delegaciones enmarcadas en un \u00e1mbito territorial que est\u00e1 definido por el desarrollo del conflicto b\u00e9lico. Hay que recordar que los l\u00edmites geogr\u00e1ficos de la Espa\u00f1a de II La Rep\u00fablica quedaron alterados tras el alzamiento militar de julio de 1936.<\/p>\n\n\n\n<p>La Copa Espa\u00f1a Libre cumple hoy 84 a\u00f1os. Este texto es un extracto del libro &#8216;Cu\u00e1ntos recuerdos caben en el Ciutat&#8217;. <\/p>\n","protected":false},"excerpt":{"rendered":"<p>En El Mundo en febrero de 2000 publiqu\u00e9 por primera vez un art\u00edculo sobre la Copa de la Espa\u00f1a Libre que conquist\u00f3 el Levante en julio de 1937 en plena Guerra Civil. Aquel pasaje me marc\u00f3 profesional y personalmente. Si la m\u00e1quina del tiempo fuera una realidad yo regresar\u00eda a la Espa\u00f1a de 1937 para [&hellip;]<\/p>\n","protected":false},"author":1,"featured_media":59,"comment_status":"open","ping_status":"open","sticky":false,"template":"","format":"standard","meta":{"footnotes":""},"categories":[2],"tags":[],"class_list":["post-58","post","type-post","status-publish","format-standard","has-post-thumbnail","hentry","category-blog"],"_links":{"self":[{"href":"https:\/\/futbol-vintage.es\/index.php\/wp-json\/wp\/v2\/posts\/58","targetHints":{"allow":["GET"]}}],"collection":[{"href":"https:\/\/futbol-vintage.es\/index.php\/wp-json\/wp\/v2\/posts"}],"about":[{"href":"https:\/\/futbol-vintage.es\/index.php\/wp-json\/wp\/v2\/types\/post"}],"author":[{"embeddable":true,"href":"https:\/\/futbol-vintage.es\/index.php\/wp-json\/wp\/v2\/users\/1"}],"replies":[{"embeddable":true,"href":"https:\/\/futbol-vintage.es\/index.php\/wp-json\/wp\/v2\/comments?post=58"}],"version-history":[{"count":0,"href":"https:\/\/futbol-vintage.es\/index.php\/wp-json\/wp\/v2\/posts\/58\/revisions"}],"wp:featuredmedia":[{"embeddable":true,"href":"https:\/\/futbol-vintage.es\/index.php\/wp-json\/wp\/v2\/media\/59"}],"wp:attachment":[{"href":"https:\/\/futbol-vintage.es\/index.php\/wp-json\/wp\/v2\/media?parent=58"}],"wp:term":[{"taxonomy":"category","embeddable":true,"href":"https:\/\/futbol-vintage.es\/index.php\/wp-json\/wp\/v2\/categories?post=58"},{"taxonomy":"post_tag","embeddable":true,"href":"https:\/\/futbol-vintage.es\/index.php\/wp-json\/wp\/v2\/tags?post=58"}],"curies":[{"name":"wp","href":"https:\/\/api.w.org\/{rel}","templated":true}]}}