{"id":34,"date":"2021-09-15T11:06:00","date_gmt":"2021-09-15T11:06:00","guid":{"rendered":"http:\/\/futbol-vintage.es\/?p=190"},"modified":"2021-09-15T11:06:00","modified_gmt":"2021-09-15T11:06:00","slug":"siete-minutos-fueron-suficientes-para-que-vyntra-convenciera-a-juan-ignacio-martinez","status":"publish","type":"post","link":"https:\/\/futbol-vintage.es\/index.php\/2021\/09\/15\/siete-minutos-fueron-suficientes-para-que-vyntra-convenciera-a-juan-ignacio-martinez\/","title":{"rendered":"Siete minutos fueron suficientes para que Vyntra convenciera a Juan Ignacio Mart\u00ednez"},"content":{"rendered":"\n<p><\/p>\n\n\n\n<p>Siete minutos. Ese fue el escueto margen temporal que necesit\u00f3 Vyntra para hacer inventario y acopio de sus cualidades futbol\u00edsticas con el fin de fascinar a Juan Ignacio de sus posibilidades y de la excelencia de su contrataci\u00f3n. La historia estuvo marcada por la celeridad m\u00e1s absoluta. El jugador burl\u00f3 las invariables leyes del tiempo para seducir al preparador y alinearse de inicio en el once de la escuadra granota en el duelo inmediato a su conversi\u00f3n en jugador levantinista, pero todo relato tiene un origen y una g\u00e9nesis y hay que asomarse por su principio. El viernes 8 de febrero de 2013 Loukas Vyntra pisaba por vez primera el interior del vestuario del Estadio Ciutat de Val\u00e8ncia. Era la \u00faltima sesi\u00f3n de la semana previa al partido que el Levante deb\u00eda afrontar ante el M\u00e1laga.<\/p>\n\n\n\n<p>El central griego acababa de formalizar su nueva relaci\u00f3n contractual con el Levante. El defensor heleno sigui\u00f3 el protocolo establecido; conoci\u00f3 en primera persona a Juan Ignacio Mart\u00ednez, propietario del banquillo granota, y a la totalidad del cuerpo t\u00e9cnico que escoltaba al preparador alicantino e inmediatamente, y tras calzarse las botas de tacos, dirigi\u00f3 sus pisadas hacia el interior del verde del feudo de Orriols acompa\u00f1ado por Nikos, convertido, desde esa fecha, en una especie de gu\u00eda espiritual por mor del ascendente griego compartido. Una hora y media despu\u00e9s, el jugador alcanz\u00f3 los vestuarios y averigu\u00f3 que estaba incluido en el listado de los dieciocho jugadores convocados por el t\u00e9cnico para asumir el reto liguero ante la escuadra malacitana.<\/p>\n\n\n\n<p>En ese momento quiz\u00e1s ni tan siquiera fuera capaz de intuir que saltar\u00eda al tapete con la el\u00e1stica azulgrana con el n\u00famero seis pegada a su espalda. Huelga significar que la condici\u00f3n de titular que adquiri\u00f3 en el armaz\u00f3n levantinista fue realmente mete\u00f3rica. Los hechos se produjeron a una velocidad supers\u00f3nica. Vyntra aterriz\u00f3 en el aeropuerto de Manises en la tarde-noche del jueves 7 de febrero despu\u00e9s de formar parte de la relaci\u00f3n de convocados para el duelo que Grecia afront\u00f3 ante Suiza. El defensor march\u00f3 al hotel para descansar y madrug\u00f3 en la jornada siguiente para presentarse en el entrenamiento matinal. El s\u00e1bado, 9 de febrero, al filo de las 21:00 horas se posicion\u00f3 en el eje de la zaga blaugrana en el coraz\u00f3n del coliseo de Orriols junto a David Navarro para estrenar su curr\u00edculum como futbolista adscrito a las filas del Levante en el marco de la Primera Divisi\u00f3n. Quiz\u00e1s el defensor no fuera consciente de todos los acontecimientos que estaban surgiendo a su alrededor. De repente, focaliz\u00f3 la atenci\u00f3n.<\/p>\n\n\n\n<p>Estaba en el punto neur\u00e1lgico de la acci\u00f3n. Se sent\u00eda observado y analizado, pero se sent\u00eda seguro porque las maniobras se suced\u00edan en el campo all\u00ed donde se manifiesta su praxis. En cualquier relato hay una causa que ejerce de propulsor de los sucesos vertidos. Y, en ocasiones, su fuerza es voraz y quebranta los c\u00f3digos establecidos. Juan Ignacio Mart\u00ednez acostumbraba a ejecutar en los entrenamientos pr\u00e1cticas muy intensas que duraban siete minutos. Los jugadores se divid\u00edan en varios grupos y se sumerg\u00edan en este tipo de ejercicios. Con Ballesteros fuera de combate por una lesi\u00f3n de grado uno en el b\u00edceps femoral hab\u00eda que recomponer el esqueleto de la zaga. El t\u00e9cnico segu\u00eda con especial inter\u00e9s los movimientos del defensor griego. Cuando decret\u00f3 la conclusi\u00f3n de esta operaci\u00f3n ya hab\u00eda tomado una decisi\u00f3n al respecto; Vyntra se incluir\u00eda en la retaguardia para hacer frente a los temibles atacantes del M\u00e1laga. Fue su estreno con la camiseta granota.&nbsp;&nbsp;&nbsp;&nbsp;<\/p>\n","protected":false},"excerpt":{"rendered":"<p>Siete minutos. Ese fue el escueto margen temporal que necesit\u00f3 Vyntra para hacer inventario y acopio de sus cualidades futbol\u00edsticas con el fin de fascinar a Juan Ignacio de sus posibilidades y de la excelencia de su contrataci\u00f3n. La historia estuvo marcada por la celeridad m\u00e1s absoluta. El jugador burl\u00f3 las invariables leyes del tiempo [&hellip;]<\/p>\n","protected":false},"author":1,"featured_media":35,"comment_status":"open","ping_status":"open","sticky":false,"template":"","format":"standard","meta":{"footnotes":""},"categories":[3],"tags":[],"class_list":["post-34","post","type-post","status-publish","format-standard","has-post-thumbnail","hentry","category-tuyo-siempre"],"_links":{"self":[{"href":"https:\/\/futbol-vintage.es\/index.php\/wp-json\/wp\/v2\/posts\/34","targetHints":{"allow":["GET"]}}],"collection":[{"href":"https:\/\/futbol-vintage.es\/index.php\/wp-json\/wp\/v2\/posts"}],"about":[{"href":"https:\/\/futbol-vintage.es\/index.php\/wp-json\/wp\/v2\/types\/post"}],"author":[{"embeddable":true,"href":"https:\/\/futbol-vintage.es\/index.php\/wp-json\/wp\/v2\/users\/1"}],"replies":[{"embeddable":true,"href":"https:\/\/futbol-vintage.es\/index.php\/wp-json\/wp\/v2\/comments?post=34"}],"version-history":[{"count":0,"href":"https:\/\/futbol-vintage.es\/index.php\/wp-json\/wp\/v2\/posts\/34\/revisions"}],"wp:featuredmedia":[{"embeddable":true,"href":"https:\/\/futbol-vintage.es\/index.php\/wp-json\/wp\/v2\/media\/35"}],"wp:attachment":[{"href":"https:\/\/futbol-vintage.es\/index.php\/wp-json\/wp\/v2\/media?parent=34"}],"wp:term":[{"taxonomy":"category","embeddable":true,"href":"https:\/\/futbol-vintage.es\/index.php\/wp-json\/wp\/v2\/categories?post=34"},{"taxonomy":"post_tag","embeddable":true,"href":"https:\/\/futbol-vintage.es\/index.php\/wp-json\/wp\/v2\/tags?post=34"}],"curies":[{"name":"wp","href":"https:\/\/api.w.org\/{rel}","templated":true}]}}