{"id":31,"date":"2021-10-07T17:04:44","date_gmt":"2021-10-07T17:04:44","guid":{"rendered":"http:\/\/futbol-vintage.es\/?p=238"},"modified":"2021-10-07T17:04:44","modified_gmt":"2021-10-07T17:04:44","slug":"paco-lopez-uno-y-trino-del-levante-u-d","status":"publish","type":"post","link":"https:\/\/futbol-vintage.es\/index.php\/2021\/10\/07\/paco-lopez-uno-y-trino-del-levante-u-d\/","title":{"rendered":"Paco L\u00f3pez, Uno y Trino del Levante U.D."},"content":{"rendered":"\n<p>Les puedo asegurar que la militancia en las filas del Levante y presumir de tal condici\u00f3n en la Valencia de los a\u00f1os setenta y ochenta era harto complicada. Ya no les digo la dificultad que entra\u00f1a saltar al verde del Ciutat de Val\u00e8ncia como futbolista profesional del equipo granota. Y si ya eres capaz de dirigir los designios del Levante desde el banquillo en calidad de entrenador ser\u00eda algo as\u00ed como cerrar la cuadratura del c\u00edrculo.<\/p>\n\n\n\n<figure class=\"wp-block-gallery columns-1 is-cropped wp-block-gallery-1 is-layout-flex wp-block-gallery-is-layout-flex\"><ul class=\"blocks-gallery-grid\"><li class=\"blocks-gallery-item\"><figure><img decoding=\"async\" src=\"http:\/\/futbol-vintage.es\/wp-content\/uploads\/2021\/10\/Paco-Lopez-Getafe-C-1.jpg\" alt=\"\" data-id=\"239\" data-full-url=\"http:\/\/futbol-vintage.es\/wp-content\/uploads\/2021\/10\/Paco-Lopez-Getafe-C-1.jpg\" data-link=\"http:\/\/futbol-vintage.es\/?attachment_id=239\" class=\"wp-image-239\"\/><\/figure><\/li><\/ul><\/figure>\n\n\n\n<p>A veces me da por meditar y como dice mi amigo Dani Hermosilla, cuando se dedica a reflexionar, hasta yo mismo me doy miedo. Este pensamiento me asalt\u00f3 mientras estaba en la rueda de prensa de despedida de Paco L\u00f3pez como t\u00e9cnico del Levante. Fue el pasado lunes en la sala de prensa del Ciutat. Me asalt\u00f3 de repente. Sin previo aviso como sucede con las cosas m\u00e1s triviales o como sucede con las cosas m\u00e1s trascendentales.<\/p>\n\n\n\n<p>Yo estaba pendiente de las reflexiones del m\u00edster, pero me fui abstrayendo del entorno. Paco L\u00f3pez era la confirmaci\u00f3n del dogma de la Sant\u00edsima Trinidad aplicada al caso del Levante. Desde la antigua grada central sigui\u00f3 las vicisitudes del colectivo granota como seguidor en un periodo de penurias, defendi\u00f3 el escudo de la camiseta azulgrana en la franja intermedia de los noventa, y tuvo un desembarco fren\u00e9tico como entrenador en la recta final de la campa\u00f1a 2017-2018. Resulta que Paco L\u00f3pez es Uno y Trino y yo sin caer en esa apreciaci\u00f3n. Padre, hijo y esp\u00edritu santo. Aficionado, jugador y entrenador del Levante y encantando serlo como reflej\u00f3 en diversos pasajes durante una alocuci\u00f3n en la que acentu\u00f3 su condici\u00f3n de levantinista.<\/p>\n\n\n\n<p>Espero no herir susceptibilidades con esta semejanza escogida. No es mi intenci\u00f3n. Puestos a pensar, imagin\u00e9 que el Levante en lugar de estar vinculado a la ciudad de Valencia estaba adscrito al departamento argentino de Avellaneda. Ser\u00eda el Levante U.D. de Avellaneda. Ya s\u00e9 que es una quimera, pero son los peligros de dejar que tu pensamiento logre emanciparse de tu mente para seguir su libre albedr\u00edo. Paco L\u00f3pez si fuera argentino tendr\u00eda una estatua en la entrada principal del estadio de turno u ocupar\u00eda un lugar de honor en alguna zona preminente. En cualquier caso, ser\u00eda un personaje reconocido y laureado.<\/p>\n\n\n\n<figure class=\"wp-block-gallery columns-1 is-cropped wp-block-gallery-2 is-layout-flex wp-block-gallery-is-layout-flex\"><ul class=\"blocks-gallery-grid\"><li class=\"blocks-gallery-item\"><figure><img decoding=\"async\" src=\"http:\/\/futbol-vintage.es\/wp-content\/uploads\/2021\/10\/rueda-1024x683.jpg\" alt=\"\" data-id=\"240\" data-full-url=\"http:\/\/futbol-vintage.es\/wp-content\/uploads\/2021\/10\/rueda.jpg\" data-link=\"http:\/\/futbol-vintage.es\/?attachment_id=240\" class=\"wp-image-240\"\/><\/figure><\/li><\/ul><\/figure>\n\n\n\n<p>Paco siempre ha sido uno de los nuestros; en la riqueza y en la pobreza. He le\u00eddo en las \u00faltimas semanas algunos comentarios en foros granotas sobre su figura que resultan hirientes. Ya s\u00e9 que no soy el m\u00e1s indicado para evaluar el paso de Paco L\u00f3pez por el Levante, al menos desde un prisma emocional. Tuve la suerte de coincidir con \u00e9l en mi etapa \u00faltima como jefe de prensa del primer equipo. Apenas fueron unos meses, pero fue tiempo suficiente para reconocer el tipo de persona que es Paco L\u00f3pez.<\/p>\n\n\n\n<p>Tiene todo lo que en muchas ocasiones se echa de menos en este f\u00fatbol tan mercantilizado y tan distanciado del mundo m\u00e1s real; normalidad. Normalidad para dirigirse a sus colaboradores m\u00e1s cercanos, normalidad para afrontar los problemas diarios, normalidad para dirigirse a los medios de comunicaci\u00f3n, normalidad para atender a los aficionados, normalidad para digerir el \u00e9xito y metabolizar el fracaso porque en el f\u00fatbol la frontera entre el \u00e9xito y el fracaso es angosta y hay que estar preparado para aguantar esa dualidad. Normalidad para afrontar una vida que, en ocasiones, te pega unos sopapos que te permiten evaluar todo desde un prisma diferente.<\/p>\n\n\n\n<p>Por suerte su legado deportivo se defiende solo. Eso lo saben los granotas y los que no son granotas, los que nos sentimos muy cercanos a \u00e9l y sus ac\u00e9rrimos detractores. Capitaliza el ranking de los entrenadores que encadenan mayor n\u00famero de temporadas en la historia del club, es el t\u00e9cnico con m\u00e1s partidos en Primera Divisi\u00f3n, tambi\u00e9n es el t\u00e9cnico con mayor n\u00famero de partidos en el banquillo granota en cualquier divisi\u00f3n y es el preparador con m\u00e1s victorias en la principal categor\u00eda. La estad\u00edstica es demoledora. En este ciclo podr\u00edamos componer una clasificaci\u00f3n extensa de confrontaciones que pasar\u00e1n a los anales de la historia levantinista. En su expediente caben victorias tit\u00e1nicas ante el Real Madrid, Barcelona, Atl\u00e9tico o Valencia. Su huella ser\u00e1 imperecedera y se dimensionar\u00e1 al paso del tiempo.<\/p>\n\n\n\n<p>Creo que nos acordaremos de Paco L\u00f3pez y tambi\u00e9n de su propuesta futbol\u00edstica tan arriesgada y, a veces, tan temeraria a los ojos de los granotas. Hemos sufrido y hemos re\u00eddo. Nos hemos emocionado y hemos sentido el orgullo de pertenencia al Levante. Tengo la impresi\u00f3n de que no hemos sido capaces de disfrutar en su m\u00e1xima expresi\u00f3n del presente. Tranquilos, forma parte del ciclo de la vida. Creo que tendemos a sentirnos felices en la infelicidad. Es algo consustancial a la condici\u00f3n humana. Y el f\u00fatbol forma parte de la condici\u00f3n humana.<\/p>\n\n\n\n<p>Nunca me han gustado las despedidas, aunque me col\u00e9 en el adi\u00f3s de Paco L\u00f3pez. El aplauso sincero y holgado de los all\u00ed congregados ratifica el respeto ganado. Cuando pienso en las despedidas me viene a la cabeza una imagen, que se repite, en un and\u00e9n de una antigua estaci\u00f3n de tren. No soy yo. Es un hombre vestido con un traje de los a\u00f1os cincuenta que marcha. Todo lo que le rodea es melancol\u00eda. No s\u00e9 la raz\u00f3n, pero me viene ese pensamiento. Cuando era peque\u00f1o me invad\u00eda la tristeza cuando me desped\u00eda de mis amigos de Alfara de Algimia (hoy de la Baron\u00eda) al final del verano porque sab\u00eda que no los volver\u00eda a ver hasta el verano siguiente. Por fortuna pienso que volver\u00e9 a ver a Paco L\u00f3pez en el banquillo granota. &nbsp;<\/p>\n","protected":false},"excerpt":{"rendered":"<p>Les puedo asegurar que la militancia en las filas del Levante y presumir de tal condici\u00f3n en la Valencia de los a\u00f1os setenta y ochenta era harto complicada. Ya no les digo la dificultad que entra\u00f1a saltar al verde del Ciutat de Val\u00e8ncia como futbolista profesional del equipo granota. Y si ya eres capaz de [&hellip;]<\/p>\n","protected":false},"author":1,"featured_media":33,"comment_status":"open","ping_status":"open","sticky":false,"template":"","format":"standard","meta":{"footnotes":""},"categories":[2],"tags":[],"class_list":["post-31","post","type-post","status-publish","format-standard","has-post-thumbnail","hentry","category-blog"],"_links":{"self":[{"href":"https:\/\/futbol-vintage.es\/index.php\/wp-json\/wp\/v2\/posts\/31","targetHints":{"allow":["GET"]}}],"collection":[{"href":"https:\/\/futbol-vintage.es\/index.php\/wp-json\/wp\/v2\/posts"}],"about":[{"href":"https:\/\/futbol-vintage.es\/index.php\/wp-json\/wp\/v2\/types\/post"}],"author":[{"embeddable":true,"href":"https:\/\/futbol-vintage.es\/index.php\/wp-json\/wp\/v2\/users\/1"}],"replies":[{"embeddable":true,"href":"https:\/\/futbol-vintage.es\/index.php\/wp-json\/wp\/v2\/comments?post=31"}],"version-history":[{"count":0,"href":"https:\/\/futbol-vintage.es\/index.php\/wp-json\/wp\/v2\/posts\/31\/revisions"}],"wp:featuredmedia":[{"embeddable":true,"href":"https:\/\/futbol-vintage.es\/index.php\/wp-json\/wp\/v2\/media\/33"}],"wp:attachment":[{"href":"https:\/\/futbol-vintage.es\/index.php\/wp-json\/wp\/v2\/media?parent=31"}],"wp:term":[{"taxonomy":"category","embeddable":true,"href":"https:\/\/futbol-vintage.es\/index.php\/wp-json\/wp\/v2\/categories?post=31"},{"taxonomy":"post_tag","embeddable":true,"href":"https:\/\/futbol-vintage.es\/index.php\/wp-json\/wp\/v2\/tags?post=31"}],"curies":[{"name":"wp","href":"https:\/\/api.w.org\/{rel}","templated":true}]}}